{"id":472,"date":"2019-06-26T17:32:42","date_gmt":"2019-06-26T15:32:42","guid":{"rendered":"http:\/\/www.management-benedix.de\/?p=472"},"modified":"2020-03-10T15:52:23","modified_gmt":"2020-03-10T14:52:23","slug":"abgabefrist-fuer-steuererklaerungen-2","status":"publish","type":"post","link":"https:\/\/www.management-benedix.de\/?p=472","title":{"rendered":"Abgabefrist f\u00fcr Steuererkl\u00e4rungen"},"content":{"rendered":"\n<p>Erstmals ist die Frist zur Abgabe der Steuererkl\u00e4rung f\u00fcr das Jahr 2018 der 31.07.2019, wenn kein Steuerberater damit beauftragt ist. F\u00fcr diese \u00e4ndert sich an der Abgabefrist nichts. <\/p>\n","protected":false},"excerpt":{"rendered":"<p>Erstmals ist die Frist zur Abgabe der Steuererkl\u00e4rung f\u00fcr das Jahr 2018 der 31.07.2019, wenn kein Steuerberater damit beauftragt ist. F\u00fcr diese \u00e4ndert sich an der Abgabefrist nichts.<\/p>\n","protected":false},"author":1,"featured_media":0,"comment_status":"closed","ping_status":"closed","sticky":false,"template":"","format":"standard","meta":{"footnotes":""},"categories":[8],"tags":[],"class_list":["post-472","post","type-post","status-publish","format-standard","hentry","category-neuigkeiten"],"_links":{"self":[{"href":"https:\/\/www.management-benedix.de\/index.php?rest_route=\/wp\/v2\/posts\/472","targetHints":{"allow":["GET"]}}],"collection":[{"href":"https:\/\/www.management-benedix.de\/index.php?rest_route=\/wp\/v2\/posts"}],"about":[{"href":"https:\/\/www.management-benedix.de\/index.php?rest_route=\/wp\/v2\/types\/post"}],"author":[{"embeddable":true,"href":"https:\/\/www.management-benedix.de\/index.php?rest_route=\/wp\/v2\/users\/1"}],"replies":[{"embeddable":true,"href":"https:\/\/www.management-benedix.de\/index.php?rest_route=%2Fwp%2Fv2%2Fcomments&post=472"}],"version-history":[{"count":1,"href":"https:\/\/www.management-benedix.de\/index.php?rest_route=\/wp\/v2\/posts\/472\/revisions"}],"predecessor-version":[{"id":473,"href":"https:\/\/www.management-benedix.de\/index.php?rest_route=\/wp\/v2\/posts\/472\/revisions\/473"}],"wp:attachment":[{"href":"https:\/\/www.management-benedix.de\/index.php?rest_route=%2Fwp%2Fv2%2Fmedia&parent=472"}],"wp:term":[{"taxonomy":"category","embeddable":true,"href":"https:\/\/www.management-benedix.de\/index.php?rest_route=%2Fwp%2Fv2%2Fcategories&post=472"},{"taxonomy":"post_tag","embeddable":true,"href":"https:\/\/www.management-benedix.de\/index.php?rest_route=%2Fwp%2Fv2%2Ftags&post=472"}],"curies":[{"name":"wp","href":"https:\/\/api.w.org\/{rel}","templated":true}]}}